{"id":1635,"date":"2020-08-25T16:28:44","date_gmt":"2020-08-25T14:28:44","guid":{"rendered":"https:\/\/superconnectr.com\/?p=1635"},"modified":"2020-10-29T15:51:52","modified_gmt":"2020-10-29T14:51:52","slug":"community-accelerator-h7-lyon","status":"publish","type":"post","link":"https:\/\/superconnectr.com\/us\/communaute-accelerateur-h7-lyon\/","title":{"rendered":"L'acc\u00e9l\u00e9rateur H7 Lyon - Leading a community of start-up entrepreneurs (REPLAY)"},"content":{"rendered":"<div data-elementor-type=\"wp-post\" data-elementor-id=\"1635\" class=\"elementor elementor-1635\" data-elementor-post-type=\"post\">\n\t\t\t\t\t\t<section class=\"elementor-section elementor-top-section elementor-element elementor-element-3c165688 elementor-section-boxed elementor-section-height-default elementor-section-height-default\" data-id=\"3c165688\" data-element_type=\"section\" data-e-type=\"section\">\n\t\t\t\t\t\t<div class=\"elementor-container elementor-column-gap-default\">\n\t\t\t\t\t<div class=\"elementor-column elementor-col-100 elementor-top-column elementor-element elementor-element-62069f70\" data-id=\"62069f70\" data-element_type=\"column\" data-e-type=\"column\">\n\t\t\t<div class=\"elementor-widget-wrap elementor-element-populated\">\n\t\t\t\t\t\t<div class=\"elementor-element elementor-element-5987ba58 elementor-widget elementor-widget-text-editor\" data-id=\"5987ba58\" data-element_type=\"widget\" data-e-type=\"widget\" data-widget_type=\"text-editor.default\">\n\t\t\t\t<div class=\"elementor-widget-container\">\n\t\t\t\t\t\t\t\t\t<p><\/p>\n<p style=\"font-size: 16px; font-family: Montserrat; font-weight: 400; color: #333333; font-style: normal;\"><span style=\"color: inherit; font-family: inherit; font-size: inherit; font-style: inherit;\">Aujourd\u2019hui, partez \u00e0 la rencontre de la\u00a0<\/span><span style=\"font-weight: bold; color: inherit; font-family: inherit; font-size: inherit; font-style: inherit;\">l\u2019acc\u00e9l\u00e9rateur H7, la communaut\u00e9 du lieu Totem de la French Tech \u00e0 Lyon\u00a0<\/span><span style=\"color: inherit; font-family: inherit; font-size: inherit; font-style: inherit;\">powered by<\/span><span style=\"font-weight: bold; color: inherit; font-family: inherit; font-size: inherit; font-style: inherit;\">\u00a0<\/span><a style=\"font-weight: bold;\" href=\"https:\/\/www.linkedin.com\/in\/simon-bitaudeau-195871b9\" target=\"_blank\" rel=\"noopener\">Simon BITAUDEAU<\/a>H7 Start-up Manager.<span style=\"color: inherit; font-family: inherit; font-size: inherit; font-style: inherit;\">\u00a0<\/span><\/p>\n<p>\u00a0<\/p>\n<p style=\"font-size: 16px; font-family: Montserrat; font-weight: 400; color: #333333; font-style: normal;\"><span style=\"color: inherit; font-family: inherit; font-size: inherit; font-style: inherit;\"><u>The program<\/u>\u00a0:\u00a0<\/span><\/p>\n<p style=\"font-size: 16px; font-family: Montserrat; font-weight: 400; color: #333333; font-style: normal;\"><span style=\"font-weight: bold; color: inherit; font-family: inherit; font-size: inherit; font-style: inherit;\">Comment l\u2019acc\u00e9l\u00e9rateur H7 anime sa communaut\u00e9 d\u2019entrepreneurs en valorisant l\u2019intelligence collective ?<\/span><\/p>\n<p><\/p>\n<p><\/p>\n<p><\/p>\n<p><\/p>\n<p><\/p>\n<p><\/p>\n<p><\/p>\t\t\t\t\t\t\t\t<\/div>\n\t\t\t\t<\/div>\n\t\t\t\t\t<\/div>\n\t\t<\/div>\n\t\t\t\t\t<\/div>\n\t\t<\/section>\n\t\t\t\t<section class=\"elementor-section elementor-top-section elementor-element elementor-element-6e7226e elementor-section-boxed elementor-section-height-default elementor-section-height-default\" data-id=\"6e7226e\" data-element_type=\"section\" data-e-type=\"section\">\n\t\t\t\t\t\t<div class=\"elementor-container elementor-column-gap-default\">\n\t\t\t\t\t<div class=\"elementor-column elementor-col-100 elementor-top-column elementor-element elementor-element-7162ef6\" data-id=\"7162ef6\" data-element_type=\"column\" data-e-type=\"column\">\n\t\t\t<div class=\"elementor-widget-wrap elementor-element-populated\">\n\t\t\t\t\t\t<div class=\"elementor-element elementor-element-cb2043a elementor-widget elementor-widget-video\" data-id=\"cb2043a\" data-element_type=\"widget\" data-e-type=\"widget\" data-settings=\"{&quot;youtube_url&quot;:&quot;https:\\\/\\\/youtu.be\\\/PCgkjSRxSZg&quot;,&quot;video_type&quot;:&quot;youtube&quot;,&quot;controls&quot;:&quot;yes&quot;}\" data-widget_type=\"video.default\">\n\t\t\t\t<div class=\"elementor-widget-container\">\n\t\t\t\t\t\t\t<div class=\"elementor-wrapper elementor-open-inline\">\n\t\t\t<div class=\"elementor-video\"><\/div>\t\t<\/div>\n\t\t\t\t\t\t<\/div>\n\t\t\t\t<\/div>\n\t\t\t\t\t<\/div>\n\t\t<\/div>\n\t\t\t\t\t<\/div>\n\t\t<\/section>\n\t\t\t\t<section class=\"elementor-section elementor-top-section elementor-element elementor-element-f1c027b elementor-section-boxed elementor-section-height-default elementor-section-height-default\" data-id=\"f1c027b\" data-element_type=\"section\" data-e-type=\"section\">\n\t\t\t\t\t\t<div class=\"elementor-container elementor-column-gap-default\">\n\t\t\t\t\t<div class=\"elementor-column elementor-col-100 elementor-top-column elementor-element elementor-element-6f457a5\" data-id=\"6f457a5\" data-element_type=\"column\" data-e-type=\"column\">\n\t\t\t<div class=\"elementor-widget-wrap elementor-element-populated\">\n\t\t\t\t\t\t<div class=\"elementor-element elementor-element-d73b949 elementor-widget elementor-widget-text-editor\" data-id=\"d73b949\" data-element_type=\"widget\" data-e-type=\"widget\" data-widget_type=\"text-editor.default\">\n\t\t\t\t<div class=\"elementor-widget-container\">\n\t\t\t\t\t\t\t\t\t<p><\/p>\n<p style=\"font-size: 16px; font-family: Montserrat; font-weight: 400; color: #333333; font-style: normal;\"><b style=\"color: inherit; font-family: inherit; font-size: inherit; font-style: inherit;\"><a href=\"https:\/\/superconnectr.com\/us\/\">S<i>uperConnectr<\/i><\/a><i>\u00a0<\/i><\/b><i style=\"color: inherit; font-family: inherit; font-size: inherit; font-weight: inherit;\"><span style=\"color: inherit; font-family: inherit; font-size: inherit; font-weight: inherit;\">regularly invites a <\/span><b><span style=\"color: inherit; font-family: inherit; font-size: inherit;\">c<\/span><span style=\"color: inherit; font-family: inherit; font-size: inherit;\">ommunity<\/span><\/b><span style=\"color: inherit; font-family: inherit; font-size: inherit; font-weight: inherit;\"> take the floor to present itself and its actions to its members and its ecosystem.<\/span><\/i><\/p>\n<p><\/p>\n<p><\/p>\n<p><\/p>\n<p><\/p>\n<p style=\"font-size: 16px; font-family: Montserrat; font-weight: 400; color: #333333; font-style: normal;\"><i><span style=\"font-weight: bold;\">Community Talks enable Community Builders to showcase and promote their community.\u00a0<\/span>Ils\u00a0partagent avec vous\u00a0leur mission, leurs rituels, leurs outils, leurs bonnes pratiques d\u2019animation, ce qu\u2019il ont test\u00e9 qui a march\u00e9 ou qui a moins march\u00e9\u2026 et r\u00e9pondent \u00e0 vos questions.<\/i><\/p>\n<p><i>Ces Community Talks s\u2019adressent notamment aux professionnels de l\u2019animation de Communaut\u00e9 mais aussi \u00e0 toute personne qui souhaite simplement en savoir plus sur notre invit\u00e9 du jour.<\/i><\/p>\n<p><\/p>\n<p><\/p>\n<p><\/p>\n<p><\/p>\n<p><\/p>\n<p><\/p>\n<p><\/p>\t\t\t\t\t\t\t\t<\/div>\n\t\t\t\t<\/div>\n\t\t\t\t\t<\/div>\n\t\t<\/div>\n\t\t\t\t\t<\/div>\n\t\t<\/section>\n\t\t\t\t<\/div>","protected":false},"excerpt":{"rendered":"<p>Meet the H7 Lyon community: \"How does the H7 gas pedal animate its community of entrepreneurs by promoting collective intelligence?\" ... <a href=\"https:\/\/superconnectr.com\/us\/communaute-accelerateur-h7-lyon\/\">Read More<\/a><\/p>","protected":false},"author":2,"featured_media":1638,"comment_status":"open","ping_status":"open","sticky":false,"template":"","format":"standard","meta":{"content-type":"","footnotes":""},"categories":[1],"tags":[],"class_list":["post-1635","post","type-post","status-publish","format-standard","has-post-thumbnail","hentry","category-uncategorized"],"yoast_head":"<!-- This site is optimized with the Yoast SEO plugin v27.5 - https:\/\/yoast.com\/product\/yoast-seo-wordpress\/ -->\n<title>L&#039;acc\u00e9l\u00e9rateur H7 Lyon - Animer une communaut\u00e9 d&#039;entrepreneurs de start-ups (REPLAY)<\/title>\n<meta name=\"description\" content=\"Partez \u00e0 la rencontre de la communaut\u00e9 de l&#039;acc\u00e9l\u00e9rateur H7, le lieu totem de la French Tech \u00e0 Lyon, avec Simon BITAUDEAU, Start-up Manager.\" \/>\n<meta name=\"robots\" content=\"index, follow, max-snippet:-1, max-image-preview:large, max-video-preview:-1\" \/>\n<link rel=\"canonical\" href=\"https:\/\/superconnectr.com\/us\/community-accelerator-h7-lyon\/\" \/>\n<meta property=\"og:locale\" content=\"en_US\" \/>\n<meta property=\"og:type\" content=\"article\" \/>\n<meta property=\"og:title\" content=\"L&#039;acc\u00e9l\u00e9rateur H7 Lyon - Animer une communaut\u00e9 d&#039;entrepreneurs de start-ups (REPLAY)\" \/>\n<meta property=\"og:description\" content=\"Partez \u00e0 la rencontre de la communaut\u00e9 de l&#039;acc\u00e9l\u00e9rateur H7, le lieu totem de la French Tech \u00e0 Lyon, avec Simon BITAUDEAU, Start-up Manager.\" \/>\n<meta property=\"og:url\" content=\"https:\/\/superconnectr.com\/us\/community-accelerator-h7-lyon\/\" \/>\n<meta property=\"og:site_name\" content=\"Plateforme communautaire &amp; Application des Communaut\u00e9s | SuperConnectr\" \/>\n<meta property=\"article:publisher\" content=\"https:\/\/www.facebook.com\/SuperConnectr\" \/>\n<meta property=\"article:published_time\" content=\"2020-08-25T14:28:44+00:00\" \/>\n<meta property=\"article:modified_time\" content=\"2020-10-29T14:51:52+00:00\" \/>\n<meta property=\"og:image\" content=\"https:\/\/superconnectr.com\/wp-content\/uploads\/2020\/08\/Webinar_Communaute_accelererateur_H7-Lyon.png\" \/>\n\t<meta property=\"og:image:width\" content=\"3840\" \/>\n\t<meta property=\"og:image:height\" content=\"2100\" \/>\n\t<meta property=\"og:image:type\" content=\"image\/png\" \/>\n<meta name=\"author\" content=\"Damien Arment\u00e9\" \/>\n<meta name=\"twitter:card\" content=\"summary_large_image\" \/>\n<meta name=\"twitter:creator\" content=\"@SuperConnectr_\" \/>\n<meta name=\"twitter:site\" content=\"@SuperConnectr_\" \/>\n<meta name=\"twitter:label1\" content=\"Written by\" \/>\n\t<meta name=\"twitter:data1\" content=\"Damien Arment\u00e9\" \/>\n\t<meta name=\"twitter:label2\" content=\"Est. reading time\" \/>\n\t<meta name=\"twitter:data2\" content=\"1 minute\" \/>\n<script type=\"application\/ld+json\" class=\"yoast-schema-graph\">{\"@context\":\"https:\\\/\\\/schema.org\",\"@graph\":[{\"@type\":\"Article\",\"@id\":\"https:\\\/\\\/superconnectr.com\\\/communaute-accelerateur-h7-lyon\\\/#article\",\"isPartOf\":{\"@id\":\"https:\\\/\\\/superconnectr.com\\\/communaute-accelerateur-h7-lyon\\\/\"},\"author\":{\"name\":\"Damien Arment\u00e9\",\"@id\":\"https:\\\/\\\/superconnectr.com\\\/#\\\/schema\\\/person\\\/d864f3d4ca47ddf5b2fb7fc517ef3636\"},\"headline\":\"L&rsquo;acc\u00e9l\u00e9rateur H7 Lyon &#8211; Animer une communaut\u00e9 d&rsquo;entrepreneurs de start-ups (REPLAY)\",\"datePublished\":\"2020-08-25T14:28:44+00:00\",\"dateModified\":\"2020-10-29T14:51:52+00:00\",\"mainEntityOfPage\":{\"@id\":\"https:\\\/\\\/superconnectr.com\\\/communaute-accelerateur-h7-lyon\\\/\"},\"wordCount\":160,\"commentCount\":0,\"publisher\":{\"@id\":\"https:\\\/\\\/superconnectr.com\\\/#organization\"},\"image\":{\"@id\":\"https:\\\/\\\/superconnectr.com\\\/communaute-accelerateur-h7-lyon\\\/#primaryimage\"},\"thumbnailUrl\":\"https:\\\/\\\/superconnectr.com\\\/wp-content\\\/uploads\\\/2020\\\/08\\\/Webinar_Communaute_accelererateur_H7-Lyon.png\",\"inLanguage\":\"en-US\",\"potentialAction\":[{\"@type\":\"CommentAction\",\"name\":\"Comment\",\"target\":[\"https:\\\/\\\/superconnectr.com\\\/communaute-accelerateur-h7-lyon\\\/#respond\"]}]},{\"@type\":\"WebPage\",\"@id\":\"https:\\\/\\\/superconnectr.com\\\/communaute-accelerateur-h7-lyon\\\/\",\"url\":\"https:\\\/\\\/superconnectr.com\\\/communaute-accelerateur-h7-lyon\\\/\",\"name\":\"L'acc\u00e9l\u00e9rateur H7 Lyon - Animer une communaut\u00e9 d'entrepreneurs de start-ups (REPLAY)\",\"isPartOf\":{\"@id\":\"https:\\\/\\\/superconnectr.com\\\/#website\"},\"primaryImageOfPage\":{\"@id\":\"https:\\\/\\\/superconnectr.com\\\/communaute-accelerateur-h7-lyon\\\/#primaryimage\"},\"image\":{\"@id\":\"https:\\\/\\\/superconnectr.com\\\/communaute-accelerateur-h7-lyon\\\/#primaryimage\"},\"thumbnailUrl\":\"https:\\\/\\\/superconnectr.com\\\/wp-content\\\/uploads\\\/2020\\\/08\\\/Webinar_Communaute_accelererateur_H7-Lyon.png\",\"datePublished\":\"2020-08-25T14:28:44+00:00\",\"dateModified\":\"2020-10-29T14:51:52+00:00\",\"description\":\"Partez \u00e0 la rencontre de la communaut\u00e9 de l'acc\u00e9l\u00e9rateur H7, le lieu totem de la French Tech \u00e0 Lyon, avec Simon BITAUDEAU, Start-up Manager.\",\"breadcrumb\":{\"@id\":\"https:\\\/\\\/superconnectr.com\\\/communaute-accelerateur-h7-lyon\\\/#breadcrumb\"},\"inLanguage\":\"en-US\",\"potentialAction\":[{\"@type\":\"ReadAction\",\"target\":[\"https:\\\/\\\/superconnectr.com\\\/communaute-accelerateur-h7-lyon\\\/\"]}]},{\"@type\":\"ImageObject\",\"inLanguage\":\"en-US\",\"@id\":\"https:\\\/\\\/superconnectr.com\\\/communaute-accelerateur-h7-lyon\\\/#primaryimage\",\"url\":\"https:\\\/\\\/superconnectr.com\\\/wp-content\\\/uploads\\\/2020\\\/08\\\/Webinar_Communaute_accelererateur_H7-Lyon.png\",\"contentUrl\":\"https:\\\/\\\/superconnectr.com\\\/wp-content\\\/uploads\\\/2020\\\/08\\\/Webinar_Communaute_accelererateur_H7-Lyon.png\",\"width\":3840,\"height\":2100,\"caption\":\"Interview : \\\"Comment l'acc\u00e9l\u00e9rateur H7 anime sa communaut\u00e9 d'entrepreneurs en valorisant l'intelligence collective ?\\\"\"},{\"@type\":\"BreadcrumbList\",\"@id\":\"https:\\\/\\\/superconnectr.com\\\/communaute-accelerateur-h7-lyon\\\/#breadcrumb\",\"itemListElement\":[{\"@type\":\"ListItem\",\"position\":1,\"name\":\"Accueil\",\"item\":\"https:\\\/\\\/superconnectr.com\\\/\"},{\"@type\":\"ListItem\",\"position\":2,\"name\":\"L&rsquo;acc\u00e9l\u00e9rateur H7 Lyon &#8211; Animer une communaut\u00e9 d&rsquo;entrepreneurs de start-ups (REPLAY)\"}]},{\"@type\":\"WebSite\",\"@id\":\"https:\\\/\\\/superconnectr.com\\\/#website\",\"url\":\"https:\\\/\\\/superconnectr.com\\\/\",\"name\":\"SuperConnectr: Plateforme communautaire & Application des Communaut\u00e9s\",\"description\":\"Plateforme communautaire &amp; Application de votre Communaut\u00e9\",\"publisher\":{\"@id\":\"https:\\\/\\\/superconnectr.com\\\/#organization\"},\"alternateName\":\"Plateforme communautaire et Application communautaire\",\"potentialAction\":[{\"@type\":\"SearchAction\",\"target\":{\"@type\":\"EntryPoint\",\"urlTemplate\":\"https:\\\/\\\/superconnectr.com\\\/?s={search_term_string}\"},\"query-input\":{\"@type\":\"PropertyValueSpecification\",\"valueRequired\":true,\"valueName\":\"search_term_string\"}}],\"inLanguage\":\"en-US\"},{\"@type\":\"Organization\",\"@id\":\"https:\\\/\\\/superconnectr.com\\\/#organization\",\"name\":\"SuperConnectr\",\"alternateName\":\"SuperConnectr\",\"url\":\"https:\\\/\\\/superconnectr.com\\\/\",\"logo\":{\"@type\":\"ImageObject\",\"inLanguage\":\"en-US\",\"@id\":\"https:\\\/\\\/superconnectr.com\\\/#\\\/schema\\\/logo\\\/image\\\/\",\"url\":\"https:\\\/\\\/superconnectr.com\\\/wp-content\\\/uploads\\\/2026\\\/01\\\/cropped-Logo-SuperConnectr-Octobre-2024-transparent-1.png\",\"contentUrl\":\"https:\\\/\\\/superconnectr.com\\\/wp-content\\\/uploads\\\/2026\\\/01\\\/cropped-Logo-SuperConnectr-Octobre-2024-transparent-1.png\",\"width\":511,\"height\":427,\"caption\":\"SuperConnectr\"},\"image\":{\"@id\":\"https:\\\/\\\/superconnectr.com\\\/#\\\/schema\\\/logo\\\/image\\\/\"},\"sameAs\":[\"https:\\\/\\\/www.facebook.com\\\/SuperConnectr\",\"https:\\\/\\\/x.com\\\/SuperConnectr_\",\"https:\\\/\\\/www.linkedin.com\\\/company\\\/superconnectr\",\"https:\\\/\\\/www.youtube.com\\\/channel\\\/UCjWh6H9a1XinYfMd0QDPTZA\\\/\"]},{\"@type\":\"Person\",\"@id\":\"https:\\\/\\\/superconnectr.com\\\/#\\\/schema\\\/person\\\/d864f3d4ca47ddf5b2fb7fc517ef3636\",\"name\":\"Damien Arment\u00e9\",\"url\":\"https:\\\/\\\/superconnectr.com\\\/us\\\/author\\\/damien\\\/\"}]}<\/script>\n<!-- \/ Yoast SEO plugin. -->","yoast_head_json":{"title":"L'acc\u00e9l\u00e9rateur H7 Lyon - Leading a community of start-up entrepreneurs (REPLAY)","description":"Meet the community of the H7 gas pedal, the totem of French Tech in Lyon, with Simon BITAUDEAU, Start-up Manager.","robots":{"index":"index","follow":"follow","max-snippet":"max-snippet:-1","max-image-preview":"max-image-preview:large","max-video-preview":"max-video-preview:-1"},"canonical":"https:\/\/superconnectr.com\/us\/community-accelerator-h7-lyon\/","og_locale":"en_US","og_type":"article","og_title":"L'acc\u00e9l\u00e9rateur H7 Lyon - Animer une communaut\u00e9 d'entrepreneurs de start-ups (REPLAY)","og_description":"Partez \u00e0 la rencontre de la communaut\u00e9 de l'acc\u00e9l\u00e9rateur H7, le lieu totem de la French Tech \u00e0 Lyon, avec Simon BITAUDEAU, Start-up Manager.","og_url":"https:\/\/superconnectr.com\/us\/community-accelerator-h7-lyon\/","og_site_name":"Plateforme communautaire &amp; Application des Communaut\u00e9s | SuperConnectr","article_publisher":"https:\/\/www.facebook.com\/SuperConnectr","article_published_time":"2020-08-25T14:28:44+00:00","article_modified_time":"2020-10-29T14:51:52+00:00","og_image":[{"width":3840,"height":2100,"url":"https:\/\/superconnectr.com\/wp-content\/uploads\/2020\/08\/Webinar_Communaute_accelererateur_H7-Lyon.png","type":"image\/png"}],"author":"Damien Arment\u00e9","twitter_card":"summary_large_image","twitter_creator":"@SuperConnectr_","twitter_site":"@SuperConnectr_","twitter_misc":{"Written by":"Damien Arment\u00e9","Est. reading time":"1 minute"},"schema":{"@context":"https:\/\/schema.org","@graph":[{"@type":"Article","@id":"https:\/\/superconnectr.com\/communaute-accelerateur-h7-lyon\/#article","isPartOf":{"@id":"https:\/\/superconnectr.com\/communaute-accelerateur-h7-lyon\/"},"author":{"name":"Damien Arment\u00e9","@id":"https:\/\/superconnectr.com\/#\/schema\/person\/d864f3d4ca47ddf5b2fb7fc517ef3636"},"headline":"L&rsquo;acc\u00e9l\u00e9rateur H7 Lyon &#8211; Animer une communaut\u00e9 d&rsquo;entrepreneurs de start-ups (REPLAY)","datePublished":"2020-08-25T14:28:44+00:00","dateModified":"2020-10-29T14:51:52+00:00","mainEntityOfPage":{"@id":"https:\/\/superconnectr.com\/communaute-accelerateur-h7-lyon\/"},"wordCount":160,"commentCount":0,"publisher":{"@id":"https:\/\/superconnectr.com\/#organization"},"image":{"@id":"https:\/\/superconnectr.com\/communaute-accelerateur-h7-lyon\/#primaryimage"},"thumbnailUrl":"https:\/\/superconnectr.com\/wp-content\/uploads\/2020\/08\/Webinar_Communaute_accelererateur_H7-Lyon.png","inLanguage":"en-US","potentialAction":[{"@type":"CommentAction","name":"Comment","target":["https:\/\/superconnectr.com\/communaute-accelerateur-h7-lyon\/#respond"]}]},{"@type":"WebPage","@id":"https:\/\/superconnectr.com\/communaute-accelerateur-h7-lyon\/","url":"https:\/\/superconnectr.com\/communaute-accelerateur-h7-lyon\/","name":"L'acc\u00e9l\u00e9rateur H7 Lyon - Leading a community of start-up entrepreneurs (REPLAY)","isPartOf":{"@id":"https:\/\/superconnectr.com\/#website"},"primaryImageOfPage":{"@id":"https:\/\/superconnectr.com\/communaute-accelerateur-h7-lyon\/#primaryimage"},"image":{"@id":"https:\/\/superconnectr.com\/communaute-accelerateur-h7-lyon\/#primaryimage"},"thumbnailUrl":"https:\/\/superconnectr.com\/wp-content\/uploads\/2020\/08\/Webinar_Communaute_accelererateur_H7-Lyon.png","datePublished":"2020-08-25T14:28:44+00:00","dateModified":"2020-10-29T14:51:52+00:00","description":"Meet the community of the H7 gas pedal, the totem of French Tech in Lyon, with Simon BITAUDEAU, Start-up Manager.","breadcrumb":{"@id":"https:\/\/superconnectr.com\/communaute-accelerateur-h7-lyon\/#breadcrumb"},"inLanguage":"en-US","potentialAction":[{"@type":"ReadAction","target":["https:\/\/superconnectr.com\/communaute-accelerateur-h7-lyon\/"]}]},{"@type":"ImageObject","inLanguage":"en-US","@id":"https:\/\/superconnectr.com\/communaute-accelerateur-h7-lyon\/#primaryimage","url":"https:\/\/superconnectr.com\/wp-content\/uploads\/2020\/08\/Webinar_Communaute_accelererateur_H7-Lyon.png","contentUrl":"https:\/\/superconnectr.com\/wp-content\/uploads\/2020\/08\/Webinar_Communaute_accelererateur_H7-Lyon.png","width":3840,"height":2100,"caption":"Interview : \"Comment l'acc\u00e9l\u00e9rateur H7 anime sa communaut\u00e9 d'entrepreneurs en valorisant l'intelligence collective ?\""},{"@type":"BreadcrumbList","@id":"https:\/\/superconnectr.com\/communaute-accelerateur-h7-lyon\/#breadcrumb","itemListElement":[{"@type":"ListItem","position":1,"name":"Accueil","item":"https:\/\/superconnectr.com\/"},{"@type":"ListItem","position":2,"name":"L&rsquo;acc\u00e9l\u00e9rateur H7 Lyon &#8211; Animer une communaut\u00e9 d&rsquo;entrepreneurs de start-ups (REPLAY)"}]},{"@type":"WebSite","@id":"https:\/\/superconnectr.com\/#website","url":"https:\/\/superconnectr.com\/","name":"SuperConnectr: Community Platform &amp; Community App","description":"Community Platform &amp; Community Application","publisher":{"@id":"https:\/\/superconnectr.com\/#organization"},"alternateName":"Plateforme communautaire et Application communautaire","potentialAction":[{"@type":"SearchAction","target":{"@type":"EntryPoint","urlTemplate":"https:\/\/superconnectr.com\/?s={search_term_string}"},"query-input":{"@type":"PropertyValueSpecification","valueRequired":true,"valueName":"search_term_string"}}],"inLanguage":"en-US"},{"@type":"Organization","@id":"https:\/\/superconnectr.com\/#organization","name":"SuperConnectr","alternateName":"SuperConnectr","url":"https:\/\/superconnectr.com\/","logo":{"@type":"ImageObject","inLanguage":"en-US","@id":"https:\/\/superconnectr.com\/#\/schema\/logo\/image\/","url":"https:\/\/superconnectr.com\/wp-content\/uploads\/2026\/01\/cropped-Logo-SuperConnectr-Octobre-2024-transparent-1.png","contentUrl":"https:\/\/superconnectr.com\/wp-content\/uploads\/2026\/01\/cropped-Logo-SuperConnectr-Octobre-2024-transparent-1.png","width":511,"height":427,"caption":"SuperConnectr"},"image":{"@id":"https:\/\/superconnectr.com\/#\/schema\/logo\/image\/"},"sameAs":["https:\/\/www.facebook.com\/SuperConnectr","https:\/\/x.com\/SuperConnectr_","https:\/\/www.linkedin.com\/company\/superconnectr","https:\/\/www.youtube.com\/channel\/UCjWh6H9a1XinYfMd0QDPTZA\/"]},{"@type":"Person","@id":"https:\/\/superconnectr.com\/#\/schema\/person\/d864f3d4ca47ddf5b2fb7fc517ef3636","name":"Damien Arment\u00e9","url":"https:\/\/superconnectr.com\/us\/author\/damien\/"}]}},"_links":{"self":[{"href":"https:\/\/superconnectr.com\/us\/wp-json\/wp\/v2\/posts\/1635","targetHints":{"allow":["GET"]}}],"collection":[{"href":"https:\/\/superconnectr.com\/us\/wp-json\/wp\/v2\/posts"}],"about":[{"href":"https:\/\/superconnectr.com\/us\/wp-json\/wp\/v2\/types\/post"}],"author":[{"embeddable":true,"href":"https:\/\/superconnectr.com\/us\/wp-json\/wp\/v2\/users\/2"}],"replies":[{"embeddable":true,"href":"https:\/\/superconnectr.com\/us\/wp-json\/wp\/v2\/comments?post=1635"}],"version-history":[{"count":24,"href":"https:\/\/superconnectr.com\/us\/wp-json\/wp\/v2\/posts\/1635\/revisions"}],"predecessor-version":[{"id":1915,"href":"https:\/\/superconnectr.com\/us\/wp-json\/wp\/v2\/posts\/1635\/revisions\/1915"}],"wp:featuredmedia":[{"embeddable":true,"href":"https:\/\/superconnectr.com\/us\/wp-json\/wp\/v2\/media\/1638"}],"wp:attachment":[{"href":"https:\/\/superconnectr.com\/us\/wp-json\/wp\/v2\/media?parent=1635"}],"wp:term":[{"taxonomy":"category","embeddable":true,"href":"https:\/\/superconnectr.com\/us\/wp-json\/wp\/v2\/categories?post=1635"},{"taxonomy":"post_tag","embeddable":true,"href":"https:\/\/superconnectr.com\/us\/wp-json\/wp\/v2\/tags?post=1635"}],"curies":[{"name":"wp","href":"https:\/\/api.w.org\/{rel}","templated":true}]}}