{"id":1502,"date":"2020-06-16T23:46:52","date_gmt":"2020-06-16T21:46:52","guid":{"rendered":"https:\/\/superconnectr.com\/?p=1502"},"modified":"2025-12-05T14:40:36","modified_gmt":"2025-12-05T13:40:36","slug":"launch-of-community-talks-to-promote-communities-and-community-builders","status":"publish","type":"post","link":"https:\/\/superconnectr.com\/us\/lancement-des-community-talks-pour-valoriser-les-communautes-et-les-community-builders\/","title":{"rendered":"SuperConnectr launches Community Talks"},"content":{"rendered":"\t\t<div data-elementor-type=\"wp-post\" data-elementor-id=\"1502\" class=\"elementor elementor-1502\" data-elementor-post-type=\"post\">\n\t\t\t\t\t\t<section class=\"elementor-section elementor-top-section elementor-element elementor-element-3c165688 elementor-section-boxed elementor-section-height-default elementor-section-height-default\" data-id=\"3c165688\" data-element_type=\"section\" data-e-type=\"section\">\n\t\t\t\t\t\t<div class=\"elementor-container elementor-column-gap-default\">\n\t\t\t\t\t<div class=\"elementor-column elementor-col-100 elementor-top-column elementor-element elementor-element-62069f70\" data-id=\"62069f70\" data-element_type=\"column\" data-e-type=\"column\">\n\t\t\t<div class=\"elementor-widget-wrap elementor-element-populated\">\n\t\t\t\t\t\t<div class=\"elementor-element elementor-element-56b7149 elementor-widget elementor-widget-heading\" data-id=\"56b7149\" data-element_type=\"widget\" data-e-type=\"widget\" data-widget_type=\"heading.default\">\n\t\t\t\t<div class=\"elementor-widget-container\">\n\t\t\t\t\t<h2 class=\"elementor-heading-title elementor-size-default\">Community Talks : les Community Builders partagent leur exp\u00e9rience sur l'animation de communaut\u00e9<\/h2>\t\t\t\t<\/div>\n\t\t\t\t<\/div>\n\t\t\t\t<div class=\"elementor-element elementor-element-5987ba58 elementor-widget elementor-widget-text-editor\" data-id=\"5987ba58\" data-element_type=\"widget\" data-e-type=\"widget\" data-widget_type=\"text-editor.default\">\n\t\t\t\t<div class=\"elementor-widget-container\">\n\t\t\t\t\t\t\t\t\t<p><span style=\"color: inherit; font-family: inherit; font-size: inherit; font-style: inherit; font-weight: inherit;\">\u00c7a y est, nous avons l\u2019immense plaisir de vous annoncer que <\/span><b style=\"color: inherit; font-family: inherit; font-size: inherit; font-style: inherit;\"><a href=\"https:\/\/superconnectr.com\">SuperConnectr<\/a>, l\u2019application d\u00e9di\u00e9e \u00e0 l\u2019animation et \u00e0 la valorisation des Communaut\u00e9s arrive en juillet 2020<\/b><span style=\"color: inherit; font-family: inherit; font-size: inherit; font-style: inherit; font-weight: inherit;\">. Dans maintenant moins d\u20191 mois, les <\/span><b style=\"color: inherit; font-family: inherit; font-size: inherit; font-style: inherit;\">Community Builders vont pouvoir animer leur communaut\u00e9 professionnelle<\/b><span style=\"color: inherit; font-family: inherit; font-size: inherit; font-style: inherit; font-weight: inherit;\"> en permettant \u00e0 leurs membres d\u2019avoir acc\u00e8s aux communaut\u00e9s auxquelles ils sont adh\u00e9rents, directement dans leur poche.<\/span><\/p>\n<p><\/p>\n<p><!-- \/wp:paragraph --><\/p>\n<p><!-- wp:paragraph --><\/p>\n<p><!-- \/wp:paragraph --><\/p>\n<p><!-- wp:paragraph --><\/p>\n<p><strong>SuperConnectr a l\u2019ambition d\u2019aider votre Communaut\u00e9 \u00e0 faciliter le networking, d\u00e9velopper les opportunit\u00e9s entre vos membres et valoriser les interactions dans votre communaut\u00e9<\/strong>.\u00a0<\/p>\n<p><\/p>\n<p><!-- \/wp:paragraph --><\/p>\n<p><!-- wp:paragraph --><\/p>\n<p>Chez SuperConnectr, nous sommes convaincus que les Communaut\u00e9s sont au coeur des interactions qui cr\u00e9ent de la valeur dans une multitude de secteurs de notre \u00e9conomie. C\u2019est pourquoi dans le cadre de notre lancement, nous invitons r\u00e9guli\u00e8rement une Communaut\u00e9 \u00e0 prendre la parole pour se pr\u00e9senter et mettre en valeur ses actions vis \u00e0 vis de ses membres et de son \u00e9cosyst\u00e8me.<\/p>\n<p><\/p>\n<p><!-- \/wp:paragraph --><\/p>\n<p><!-- wp:paragraph --><\/p>\n<p><!-- \/wp:paragraph --><\/p>\n<p><!-- wp:paragraph --><\/p>\n<p><strong>A partir du 23 juin et jusqu\u2019au 23 juillet 2020, SuperConnectr lance une s\u00e9rie de 10 Community Talks pour permettre aux Community Builders de pr\u00e9senter et valoriser leur communaut\u00e9<\/strong>, sa mission, ses rituels, ses outils, ses bonnes pratiques d\u2019animation, ce qu\u2019il ont test\u00e9 qui a march\u00e9 ou qui a moins march\u00e9\u2026 et r\u00e9pondront \u00e0 vos questions.<\/p>\n<p><!-- \/wp:paragraph --><\/p>\n<p><!-- wp:paragraph --><\/p>\n<p>Ces Community Talks s\u2019adressent notamment aux professionnels de l\u2019animation de Communaut\u00e9 mais aussi \u00e0 toute personne qui souhaite simplement en savoir plus sur notre invit\u00e9 du jour.<\/p>\n<p><\/p>\n<p><!-- \/wp:paragraph --><\/p>\n<p><!-- wp:paragraph --><\/p>\n<p><!-- \/wp:paragraph --><\/p>\n<p><!-- wp:paragraph --><\/p>\n<p><strong>Inscrivez-vous d\u00e8s maintenant aux Community Talks : des webinars exclusifs que nous vous proposons pour favoriser les \u00e9changes de bonnes pratiques autour de l\u2019animation de Communaut\u00e9 :<\/strong><\/p>\n<p><strong>\u00a0<\/strong><\/p>\n<p><!-- \/wp:paragraph --><\/p>\n<p><!-- wp:image {\"id\":1504,\"sizeSlug\":\"large\"} --><\/p>\n<figure class=\"wp-block-image size-large\"><img data-rjs=\"2\" fetchpriority=\"high\" decoding=\"async\" class=\"alignnone wp-image-1504\" src=\"https:\/\/superconnectr.com\/wp-content\/uploads\/2020\/06\/Webinar_Communaute_accelerateur_H7.png\" alt=\"Community Talks by SuperConnectr - A la rencontre de la communaut\u00e9 H7 Lyon\" width=\"940\" height=\"788\" srcset=\"https:\/\/superconnectr.com\/wp-content\/uploads\/2020\/06\/Webinar_Communaute_accelerateur_H7.png 940w, https:\/\/superconnectr.com\/wp-content\/uploads\/2020\/06\/Webinar_Communaute_accelerateur_H7-300x251.png 300w, https:\/\/superconnectr.com\/wp-content\/uploads\/2020\/06\/Webinar_Communaute_accelerateur_H7-768x644.png 768w, https:\/\/superconnectr.com\/wp-content\/uploads\/2020\/06\/Webinar_Communaute_accelerateur_H7-84x70.png 84w, https:\/\/superconnectr.com\/wp-content\/uploads\/2020\/06\/Webinar_Communaute_accelerateur_H7-95x80.png 95w, https:\/\/superconnectr.com\/wp-content\/uploads\/2020\/06\/Webinar_Communaute_accelerateur_H7-361x303.png 361w, https:\/\/superconnectr.com\/wp-content\/uploads\/2020\/06\/Webinar_Communaute_accelerateur_H7-835x700.png 835w\" sizes=\"(max-width: 940px) 100vw, 940px\" \/><\/figure>\n<p><!-- \/wp:image --><\/p>\n<p><!-- wp:paragraph --><\/p>\n<p><strong>Mardi 23 juin \u2013 11h00 <\/strong>[Community Talk #1 by SuperConnectr] Simon Bitaudeau, Start-up Manager, H7 : <b><a href=\"https:\/\/app.livestorm.co\/p\/1b279af7-7991-4686-96a2-a1d43aaa7da5\">je m\u2019inscris<\/a><\/b><\/p>\n<p><\/p>\n<p><!-- \/wp:paragraph --><\/p>\n<p><!-- wp:paragraph --><\/p>\n<p><!-- \/wp:paragraph --><\/p>\n<p><!-- wp:image {\"id\":1505,\"sizeSlug\":\"large\"} --><\/p>\n<figure class=\"wp-block-image size-large\"><img data-rjs=\"2\" decoding=\"async\" class=\"alignnone wp-image-1505\" src=\"https:\/\/superconnectr.com\/wp-content\/uploads\/2020\/06\/Webinar_Communaute_Reseau_Entreprendre.png\" alt=\"Community Talks by SuperConnectr - A la rencontre de la communaut\u00e9 R\u00e9seau Entreprendre\" width=\"940\" height=\"788\" srcset=\"https:\/\/superconnectr.com\/wp-content\/uploads\/2020\/06\/Webinar_Communaute_Reseau_Entreprendre.png 940w, https:\/\/superconnectr.com\/wp-content\/uploads\/2020\/06\/Webinar_Communaute_Reseau_Entreprendre-300x251.png 300w, https:\/\/superconnectr.com\/wp-content\/uploads\/2020\/06\/Webinar_Communaute_Reseau_Entreprendre-768x644.png 768w, https:\/\/superconnectr.com\/wp-content\/uploads\/2020\/06\/Webinar_Communaute_Reseau_Entreprendre-84x70.png 84w, https:\/\/superconnectr.com\/wp-content\/uploads\/2020\/06\/Webinar_Communaute_Reseau_Entreprendre-95x80.png 95w, https:\/\/superconnectr.com\/wp-content\/uploads\/2020\/06\/Webinar_Communaute_Reseau_Entreprendre-361x303.png 361w, https:\/\/superconnectr.com\/wp-content\/uploads\/2020\/06\/Webinar_Communaute_Reseau_Entreprendre-835x700.png 835w\" sizes=\"(max-width: 940px) 100vw, 940px\" \/><\/figure>\n<p><!-- \/wp:image --><\/p>\n<p><!-- wp:paragraph --><\/p>\n<p><strong>Jeudi 25 juin \u2013 11h00<\/strong> [Community Talk by SuperConnectr]\u00a0<span style=\"color: inherit; font-family: inherit; font-size: inherit; font-style: inherit; font-weight: inherit;\">Rodolphe Pasquier-Desvignes, Directeur G\u00e9n\u00e9ral, R\u00e9seau Entreprendre : <\/span><b style=\"font-family: inherit; font-size: inherit; font-style: inherit; background-color: #ffffff;\"><a style=\"font-family: inherit; font-size: inherit; font-style: inherit; background-color: #ffffff;\" href=\"https:\/\/app.livestorm.co\/p\/0832e77b-38d9-4d62-a9b1-c506593e466e\">je m\u2019inscris<\/a><\/b><\/p>\n<p><\/p>\n<p><!-- \/wp:paragraph --><\/p>\n<p><!-- wp:paragraph --><\/p>\n<p><!-- \/wp:paragraph --><\/p>\n<p><!-- wp:image {\"id\":1506,\"sizeSlug\":\"large\"} --><\/p>\n<figure class=\"wp-block-image size-large\"><img data-rjs=\"2\" decoding=\"async\" class=\"alignnone wp-image-1506\" src=\"https:\/\/superconnectr.com\/wp-content\/uploads\/2020\/06\/Webinar_Communaute_FrenchTech.png\" alt=\"Community Talks by SuperConnectr - A la rencontre de la communaut\u00e9 French Tech One Lyon - Saint-Etienne\" width=\"940\" height=\"788\" srcset=\"https:\/\/superconnectr.com\/wp-content\/uploads\/2020\/06\/Webinar_Communaute_FrenchTech.png 940w, https:\/\/superconnectr.com\/wp-content\/uploads\/2020\/06\/Webinar_Communaute_FrenchTech-300x251.png 300w, https:\/\/superconnectr.com\/wp-content\/uploads\/2020\/06\/Webinar_Communaute_FrenchTech-768x644.png 768w, https:\/\/superconnectr.com\/wp-content\/uploads\/2020\/06\/Webinar_Communaute_FrenchTech-84x70.png 84w, https:\/\/superconnectr.com\/wp-content\/uploads\/2020\/06\/Webinar_Communaute_FrenchTech-95x80.png 95w, https:\/\/superconnectr.com\/wp-content\/uploads\/2020\/06\/Webinar_Communaute_FrenchTech-361x303.png 361w, https:\/\/superconnectr.com\/wp-content\/uploads\/2020\/06\/Webinar_Communaute_FrenchTech-835x700.png 835w\" sizes=\"(max-width: 940px) 100vw, 940px\" \/><\/figure>\n<p><!-- \/wp:image --><\/p>\n<p><!-- wp:paragraph --><\/p>\n<p><strong>Mardi 30 juin \u2013 14h30<\/strong> [Community Talk by SuperConnectr] Virginie Delplanque, D\u00e9l\u00e9gu\u00e9e G\u00e9n\u00e9rale, French Tech One : <b><a href=\"https:\/\/app.livestorm.co\/p\/bd345331-5a62-4002-9d7d-f6ae0dd5ed45\">je m\u2019inscris<\/a><\/b><\/p>\n<p><\/p>\n<p><!-- \/wp:paragraph --><\/p>\n<p><!-- wp:paragraph --><\/p>\n<p><!-- \/wp:paragraph --><\/p>\n<p><!-- wp:image {\"id\":1507,\"sizeSlug\":\"large\"} --><\/p>\n<figure class=\"wp-block-image size-large\"><img data-rjs=\"2\" loading=\"lazy\" decoding=\"async\" class=\"alignnone wp-image-1507\" src=\"https:\/\/superconnectr.com\/wp-content\/uploads\/2020\/06\/Webinar_Communaute_Entreprise_DU_FUTUR.png\" alt=\"Community Talks by SuperConnectr - A la rencontre de la communaut\u00e9 Entreprise DU FUTUR\" width=\"940\" height=\"788\" srcset=\"https:\/\/superconnectr.com\/wp-content\/uploads\/2020\/06\/Webinar_Communaute_Entreprise_DU_FUTUR.png 940w, https:\/\/superconnectr.com\/wp-content\/uploads\/2020\/06\/Webinar_Communaute_Entreprise_DU_FUTUR-300x251.png 300w, https:\/\/superconnectr.com\/wp-content\/uploads\/2020\/06\/Webinar_Communaute_Entreprise_DU_FUTUR-768x644.png 768w, https:\/\/superconnectr.com\/wp-content\/uploads\/2020\/06\/Webinar_Communaute_Entreprise_DU_FUTUR-84x70.png 84w, https:\/\/superconnectr.com\/wp-content\/uploads\/2020\/06\/Webinar_Communaute_Entreprise_DU_FUTUR-95x80.png 95w, https:\/\/superconnectr.com\/wp-content\/uploads\/2020\/06\/Webinar_Communaute_Entreprise_DU_FUTUR-361x303.png 361w, https:\/\/superconnectr.com\/wp-content\/uploads\/2020\/06\/Webinar_Communaute_Entreprise_DU_FUTUR-835x700.png 835w\" sizes=\"(max-width: 940px) 100vw, 940px\" \/><\/figure>\n<p><!-- \/wp:image --><\/p>\n<p><!-- wp:paragraph --><\/p>\n<p><strong>Jeudi<strong> 2 juillet \u2013 11h00<\/strong><\/strong> [Community Talk by SuperConnectr] Alban Guyot, Directeur G\u00e9n\u00e9ral, Entreprise DU FUTUR :<b> <a href=\"https:\/\/app.livestorm.co\/p\/c69ac0ab-5c24-4c4e-8270-07ce386d6e4c\">je m\u2019inscris<\/a><\/b><\/p>\n<p><\/p>\n<p><!-- \/wp:paragraph --><\/p>\n<p><!-- wp:paragraph --><\/p>\n<p><!-- \/wp:paragraph --><\/p>\n<p><!-- wp:image {\"id\":1508,\"sizeSlug\":\"large\"} --><\/p>\n<figure class=\"wp-block-image size-large\"><img data-rjs=\"2\" loading=\"lazy\" decoding=\"async\" class=\"alignnone wp-image-1536 size-full\" src=\"https:\/\/superconnectr.com\/wp-content\/uploads\/2020\/06\/Webinar_Communaute_Cluster_Digital_League-1.png\" alt=\"Community Talks by SuperConnectr - A la rencontre de la communaut\u00e9 Digital League\" width=\"940\" height=\"788\" srcset=\"https:\/\/superconnectr.com\/wp-content\/uploads\/2020\/06\/Webinar_Communaute_Cluster_Digital_League-1.png 940w, https:\/\/superconnectr.com\/wp-content\/uploads\/2020\/06\/Webinar_Communaute_Cluster_Digital_League-1-300x251.png 300w, https:\/\/superconnectr.com\/wp-content\/uploads\/2020\/06\/Webinar_Communaute_Cluster_Digital_League-1-768x644.png 768w, https:\/\/superconnectr.com\/wp-content\/uploads\/2020\/06\/Webinar_Communaute_Cluster_Digital_League-1-84x70.png 84w, https:\/\/superconnectr.com\/wp-content\/uploads\/2020\/06\/Webinar_Communaute_Cluster_Digital_League-1-95x80.png 95w, https:\/\/superconnectr.com\/wp-content\/uploads\/2020\/06\/Webinar_Communaute_Cluster_Digital_League-1-361x303.png 361w, https:\/\/superconnectr.com\/wp-content\/uploads\/2020\/06\/Webinar_Communaute_Cluster_Digital_League-1-835x700.png 835w\" sizes=\"(max-width: 940px) 100vw, 940px\" \/><\/figure>\n<p><!-- \/wp:image --><\/p>\n<p><!-- wp:paragraph --><\/p>\n<p><strong>Mercredi<strong> 8 juillet \u2013 11h00<\/strong><\/strong> [Community Talk by SuperConnectr] Maud Charaf, D\u00e9l\u00e9gu\u00e9e G\u00e9n\u00e9rale, Digital League : <b><a href=\"https:\/\/app.livestorm.co\/p\/04bca73c-9aaa-4d79-9883-4da2b795be40\">je m\u2019inscris<\/a><\/b><\/p>\n<p><\/p>\n<p><!-- \/wp:paragraph --><\/p>\n<p><!-- wp:paragraph --><\/p>\n<p><!-- \/wp:paragraph --><\/p>\n<p><!-- wp:image {\"id\":1509,\"sizeSlug\":\"large\"} --><\/p>\n<figure class=\"wp-block-image size-large\"><img data-rjs=\"2\" loading=\"lazy\" decoding=\"async\" class=\"alignnone wp-image-1509\" src=\"https:\/\/superconnectr.com\/wp-content\/uploads\/2020\/06\/Webinar_Communaute_incubateur_Bel_Air_Camp.png\" alt=\"Community Talks by SuperConnectr - A la rencontre de la communaut\u00e9 Bel Air Camp\" width=\"940\" height=\"788\" srcset=\"https:\/\/superconnectr.com\/wp-content\/uploads\/2020\/06\/Webinar_Communaute_incubateur_Bel_Air_Camp.png 940w, https:\/\/superconnectr.com\/wp-content\/uploads\/2020\/06\/Webinar_Communaute_incubateur_Bel_Air_Camp-300x251.png 300w, https:\/\/superconnectr.com\/wp-content\/uploads\/2020\/06\/Webinar_Communaute_incubateur_Bel_Air_Camp-768x644.png 768w, https:\/\/superconnectr.com\/wp-content\/uploads\/2020\/06\/Webinar_Communaute_incubateur_Bel_Air_Camp-84x70.png 84w, https:\/\/superconnectr.com\/wp-content\/uploads\/2020\/06\/Webinar_Communaute_incubateur_Bel_Air_Camp-95x80.png 95w, https:\/\/superconnectr.com\/wp-content\/uploads\/2020\/06\/Webinar_Communaute_incubateur_Bel_Air_Camp-361x303.png 361w, https:\/\/superconnectr.com\/wp-content\/uploads\/2020\/06\/Webinar_Communaute_incubateur_Bel_Air_Camp-835x700.png 835w\" sizes=\"(max-width: 940px) 100vw, 940px\" \/><\/figure>\n<p><!-- \/wp:image --><\/p>\n<p><!-- wp:paragraph --><\/p>\n<p><strong>Jeudi<strong><strong> 9 juillet \u2013 11h00<\/strong><\/strong><\/strong> \u2013 [Community Talk by SuperConnectr] Pascale Lagahe, Head of Community, Bel Air Camp : <b><a href=\"https:\/\/app.livestorm.co\/p\/a17513f8-8fb9-4c3c-812a-e2114c4a8589\">je m\u2019inscris<\/a><\/b><\/p>\n<p><!-- \/wp:paragraph --><\/p>\n<p><!-- wp:paragraph --><\/p>\n<p><!-- \/wp:paragraph --><\/p>\n<p><!-- wp:image {\"id\":1510,\"sizeSlug\":\"large\"} --><\/p>\n<figure class=\"wp-block-image size-large\"><\/figure>\n<p><!-- \/wp:image --><\/p>\n<p><!-- wp:paragraph --><\/p>\n<p><\/p>\n<p><img data-rjs=\"2\" loading=\"lazy\" decoding=\"async\" class=\"alignnone wp-image-1567 size-full\" src=\"https:\/\/superconnectr.com\/wp-content\/uploads\/2020\/07\/Webinar_Communaute_Assopreneur_Claire_Ribouillard_SuperConnectr2.png\" alt=\"Community Talks by SuperConnectr - A la rencontre de la communaut\u00e9 Assopreneur.e - Kairosarium\" width=\"1880\" height=\"1576\" srcset=\"https:\/\/superconnectr.com\/wp-content\/uploads\/2020\/07\/Webinar_Communaute_Assopreneur_Claire_Ribouillard_SuperConnectr2.png 1880w, https:\/\/superconnectr.com\/wp-content\/uploads\/2020\/07\/Webinar_Communaute_Assopreneur_Claire_Ribouillard_SuperConnectr2-300x251.png 300w, https:\/\/superconnectr.com\/wp-content\/uploads\/2020\/07\/Webinar_Communaute_Assopreneur_Claire_Ribouillard_SuperConnectr2-1024x858.png 1024w, https:\/\/superconnectr.com\/wp-content\/uploads\/2020\/07\/Webinar_Communaute_Assopreneur_Claire_Ribouillard_SuperConnectr2-768x644.png 768w, https:\/\/superconnectr.com\/wp-content\/uploads\/2020\/07\/Webinar_Communaute_Assopreneur_Claire_Ribouillard_SuperConnectr2-1536x1288.png 1536w, https:\/\/superconnectr.com\/wp-content\/uploads\/2020\/07\/Webinar_Communaute_Assopreneur_Claire_Ribouillard_SuperConnectr2-84x70.png 84w, https:\/\/superconnectr.com\/wp-content\/uploads\/2020\/07\/Webinar_Communaute_Assopreneur_Claire_Ribouillard_SuperConnectr2-95x80.png 95w, https:\/\/superconnectr.com\/wp-content\/uploads\/2020\/07\/Webinar_Communaute_Assopreneur_Claire_Ribouillard_SuperConnectr2-361x303.png 361w, https:\/\/superconnectr.com\/wp-content\/uploads\/2020\/07\/Webinar_Communaute_Assopreneur_Claire_Ribouillard_SuperConnectr2-835x700.png 835w, https:\/\/superconnectr.com\/wp-content\/uploads\/2020\/07\/Webinar_Communaute_Assopreneur_Claire_Ribouillard_SuperConnectr2-1133x950.png 1133w, https:\/\/superconnectr.com\/wp-content\/uploads\/2020\/07\/Webinar_Communaute_Assopreneur_Claire_Ribouillard_SuperConnectr2-1288x1080.png 1288w\" sizes=\"(max-width: 1880px) 100vw, 1880px\" \/><\/p>\n<p><!-- \/wp:paragraph --><\/p>\n<p><!-- wp:paragraph --><\/p>\n<p><!-- \/wp:paragraph --><\/p>\n<p><!-- wp:image {\"id\":1511,\"sizeSlug\":\"large\"} --><\/p>\n<figure class=\"wp-block-image size-large\"><\/figure>\n<p><!-- \/wp:image --><\/p>\n<p><!-- wp:paragraph --><\/p>\n<p><strong>Jeudi<strong> 16 juillet \u2013 11h00<\/strong><\/strong> [Community Talk by SuperConnectr] Claire Ribouillard, D\u00e9l\u00e9gu\u00e9e G\u00e9n\u00e9rale et co-fondatrice, Assopreneur.e (Kairosarium) : <b><a href=\"https:\/\/app.livestorm.co\/p\/5345cd56-bb8a-4ecb-b071-5f9a40aaea57\">je m\u2019inscris<\/a><\/b><\/p>\n<p><\/p>\n<p><img data-rjs=\"2\" loading=\"lazy\" decoding=\"async\" class=\"alignnone wp-image-1568 size-full\" src=\"https:\/\/superconnectr.com\/wp-content\/uploads\/2020\/07\/Webinar_Communaute_TimeForthePlanet_SuperConnectr2.png\" alt=\"Community Talks by SuperConnectr - A la rencontre de la communaut\u00e9 Time for the Planet\" width=\"1880\" height=\"1576\" srcset=\"https:\/\/superconnectr.com\/wp-content\/uploads\/2020\/07\/Webinar_Communaute_TimeForthePlanet_SuperConnectr2.png 1880w, https:\/\/superconnectr.com\/wp-content\/uploads\/2020\/07\/Webinar_Communaute_TimeForthePlanet_SuperConnectr2-300x251.png 300w, https:\/\/superconnectr.com\/wp-content\/uploads\/2020\/07\/Webinar_Communaute_TimeForthePlanet_SuperConnectr2-1024x858.png 1024w, https:\/\/superconnectr.com\/wp-content\/uploads\/2020\/07\/Webinar_Communaute_TimeForthePlanet_SuperConnectr2-768x644.png 768w, https:\/\/superconnectr.com\/wp-content\/uploads\/2020\/07\/Webinar_Communaute_TimeForthePlanet_SuperConnectr2-1536x1288.png 1536w, https:\/\/superconnectr.com\/wp-content\/uploads\/2020\/07\/Webinar_Communaute_TimeForthePlanet_SuperConnectr2-84x70.png 84w, https:\/\/superconnectr.com\/wp-content\/uploads\/2020\/07\/Webinar_Communaute_TimeForthePlanet_SuperConnectr2-95x80.png 95w, https:\/\/superconnectr.com\/wp-content\/uploads\/2020\/07\/Webinar_Communaute_TimeForthePlanet_SuperConnectr2-361x303.png 361w, https:\/\/superconnectr.com\/wp-content\/uploads\/2020\/07\/Webinar_Communaute_TimeForthePlanet_SuperConnectr2-835x700.png 835w, https:\/\/superconnectr.com\/wp-content\/uploads\/2020\/07\/Webinar_Communaute_TimeForthePlanet_SuperConnectr2-1133x950.png 1133w, https:\/\/superconnectr.com\/wp-content\/uploads\/2020\/07\/Webinar_Communaute_TimeForthePlanet_SuperConnectr2-1288x1080.png 1288w\" sizes=\"(max-width: 1880px) 100vw, 1880px\" \/><\/p>\n<p><!-- \/wp:paragraph --><\/p>\n<p><!-- wp:paragraph --><\/p>\n<p><!-- \/wp:paragraph --><\/p>\n<p><!-- wp:image {\"id\":1512,\"sizeSlug\":\"large\"} --><\/p>\n<figure class=\"wp-block-image size-large\"><\/figure>\n<p><!-- \/wp:image --><\/p>\n<p><!-- wp:paragraph --><\/p>\n<p><strong>Mardi 21 juillet \u2013 11h00<\/strong> [Community Talk by SuperConnectr] Nicolas Sabatier, Co-fondateur, Time for the Planet : <b><a href=\"https:\/\/app.livestorm.co\/p\/8d498042-089f-47f8-9394-c6c159f67078\">je m\u2019inscris<\/a><\/b><\/p>\n<p><\/p>\n<p><img data-rjs=\"2\" loading=\"lazy\" decoding=\"async\" class=\"alignnone wp-image-1569 size-full\" src=\"https:\/\/superconnectr.com\/wp-content\/uploads\/2020\/07\/Webinar_Communaute_MBADMB_EFAP_SuperConnectr-.png\" alt=\"Community Talks by SuperConnectr - A la rencontre de la communaut\u00e9 MBA DMB de l'EFAP\" width=\"2820\" height=\"2364\" srcset=\"https:\/\/superconnectr.com\/wp-content\/uploads\/2020\/07\/Webinar_Communaute_MBADMB_EFAP_SuperConnectr-.png 2820w, https:\/\/superconnectr.com\/wp-content\/uploads\/2020\/07\/Webinar_Communaute_MBADMB_EFAP_SuperConnectr--300x251.png 300w, https:\/\/superconnectr.com\/wp-content\/uploads\/2020\/07\/Webinar_Communaute_MBADMB_EFAP_SuperConnectr--1024x858.png 1024w, https:\/\/superconnectr.com\/wp-content\/uploads\/2020\/07\/Webinar_Communaute_MBADMB_EFAP_SuperConnectr--768x644.png 768w, https:\/\/superconnectr.com\/wp-content\/uploads\/2020\/07\/Webinar_Communaute_MBADMB_EFAP_SuperConnectr--1536x1288.png 1536w, https:\/\/superconnectr.com\/wp-content\/uploads\/2020\/07\/Webinar_Communaute_MBADMB_EFAP_SuperConnectr--2048x1717.png 2048w, https:\/\/superconnectr.com\/wp-content\/uploads\/2020\/07\/Webinar_Communaute_MBADMB_EFAP_SuperConnectr--84x70.png 84w, https:\/\/superconnectr.com\/wp-content\/uploads\/2020\/07\/Webinar_Communaute_MBADMB_EFAP_SuperConnectr--95x80.png 95w, https:\/\/superconnectr.com\/wp-content\/uploads\/2020\/07\/Webinar_Communaute_MBADMB_EFAP_SuperConnectr--361x303.png 361w, https:\/\/superconnectr.com\/wp-content\/uploads\/2020\/07\/Webinar_Communaute_MBADMB_EFAP_SuperConnectr--835x700.png 835w, https:\/\/superconnectr.com\/wp-content\/uploads\/2020\/07\/Webinar_Communaute_MBADMB_EFAP_SuperConnectr--1133x950.png 1133w, https:\/\/superconnectr.com\/wp-content\/uploads\/2020\/07\/Webinar_Communaute_MBADMB_EFAP_SuperConnectr--1288x1080.png 1288w\" sizes=\"(max-width: 2820px) 100vw, 2820px\" \/><\/p>\n<p><strong>Mercredi 22 juillet \u2013 11h00<\/strong> [Community Talk by SuperConnectr] Vincent Montet, Fondateur \u2013 Directeur, MBA DMB de l\u2019EFAP : <a href=\"https:\/\/app.livestorm.co\/p\/c85804d5-59de-4304-a77c-36693ceead38\"><b>je m\u2019inscris<\/b><\/a><\/p>\n<p><\/p>\n<p><!-- \/wp:paragraph --><\/p>\n<p><!-- wp:paragraph --><\/p>\n<p><!-- \/wp:paragraph --><\/p>\n<p><!-- wp:image {\"id\":1513,\"sizeSlug\":\"large\"} --><\/p>\n<figure class=\"wp-block-image size-large\"><img data-rjs=\"2\" loading=\"lazy\" decoding=\"async\" class=\"alignnone wp-image-1513\" src=\"https:\/\/superconnectr.com\/wp-content\/uploads\/2020\/06\/Webinar_Communaute_La_Cuisine_du_Web.png\" alt=\"Community Talks by SuperConnectr - A la rencontre de la communaut\u00e9 La Cuisine du Web\" width=\"940\" height=\"788\" srcset=\"https:\/\/superconnectr.com\/wp-content\/uploads\/2020\/06\/Webinar_Communaute_La_Cuisine_du_Web.png 940w, https:\/\/superconnectr.com\/wp-content\/uploads\/2020\/06\/Webinar_Communaute_La_Cuisine_du_Web-300x251.png 300w, https:\/\/superconnectr.com\/wp-content\/uploads\/2020\/06\/Webinar_Communaute_La_Cuisine_du_Web-768x644.png 768w, https:\/\/superconnectr.com\/wp-content\/uploads\/2020\/06\/Webinar_Communaute_La_Cuisine_du_Web-84x70.png 84w, https:\/\/superconnectr.com\/wp-content\/uploads\/2020\/06\/Webinar_Communaute_La_Cuisine_du_Web-95x80.png 95w, https:\/\/superconnectr.com\/wp-content\/uploads\/2020\/06\/Webinar_Communaute_La_Cuisine_du_Web-361x303.png 361w, https:\/\/superconnectr.com\/wp-content\/uploads\/2020\/06\/Webinar_Communaute_La_Cuisine_du_Web-835x700.png 835w\" sizes=\"(max-width: 940px) 100vw, 940px\" \/><\/figure>\n<p><!-- \/wp:image --><\/p>\n<p><!-- wp:paragraph --><\/p>\n<p><strong>Jeudi<strong> 23 juillet \u2013 11h00<\/strong><\/strong> [Community Talk by SuperConnectr] Tiphaine Frugier, Directrice G\u00e9n\u00e9rale, La Cuisine du Web : <b><a href=\"https:\/\/app.livestorm.co\/p\/fe32aef4-5a91-4df0-a484-000a81152b69\">je m\u2019inscris<\/a><\/b><\/p>\n<p><\/p>\n<p><!-- \/wp:paragraph --><\/p>\n<p><!-- wp:paragraph --><\/p>\n<p><!-- \/wp:paragraph --><\/p>\n<p><!-- wp:paragraph --><\/p>\n<p><!-- \/wp:paragraph --><\/p>\n<p><!-- wp:paragraph --><\/p>\n<p><!-- \/wp:paragraph --><\/p>\t\t\t\t\t\t\t\t<\/div>\n\t\t\t\t<\/div>\n\t\t\t\t\t<\/div>\n\t\t<\/div>\n\t\t\t\t\t<\/div>\n\t\t<\/section>\n\t\t\t\t<\/div>\n\t\t","protected":false},"excerpt":{"rendered":"<p>From June 23 to July 23, 2020, SuperConnectr is launching a series of 10 Community Talks to enable Community Builders to present and enhance their community, its mission, its rituals, its tools, its best animation practices, what it has tested that has worked or not so well... and will answer your questions.<\/p>\n<p>These Community Talks are aimed in particular at professionals in the field of community animation, but also at anyone who simply wants to find out more about our guest of the day. ... <a href=\"https:\/\/superconnectr.com\/us\/lancement-des-community-talks-pour-valoriser-les-communautes-et-les-community-builders\/\">Read More<\/a><\/p>","protected":false},"author":2,"featured_media":1533,"comment_status":"open","ping_status":"open","sticky":false,"template":"","format":"standard","meta":{"content-type":"","footnotes":""},"categories":[1],"tags":[],"class_list":["post-1502","post","type-post","status-publish","format-standard","has-post-thumbnail","hentry","category-uncategorized"],"yoast_head":"<!-- This site is optimized with the Yoast SEO plugin v27.5 - https:\/\/yoast.com\/product\/yoast-seo-wordpress\/ -->\n<title>SuperConnectr lance les Community Talks<\/title>\n<meta name=\"description\" content=\"SuperConnectr lance une s\u00e9rie de Community Talks pour pr\u00e9senter et valoriser les communaut\u00e9s en invitant des Community Builders\" \/>\n<meta name=\"robots\" content=\"index, follow, max-snippet:-1, max-image-preview:large, max-video-preview:-1\" \/>\n<link rel=\"canonical\" href=\"https:\/\/superconnectr.com\/us\/launch-of-community-talks-to-promote-communities-and-community-builders\/\" \/>\n<meta property=\"og:locale\" content=\"en_US\" \/>\n<meta property=\"og:type\" content=\"article\" \/>\n<meta property=\"og:title\" content=\"SuperConnectr lance les Community Talks\" \/>\n<meta property=\"og:description\" content=\"SuperConnectr lance une s\u00e9rie de Community Talks pour pr\u00e9senter et valoriser les communaut\u00e9s en invitant des Community Builders\" \/>\n<meta property=\"og:url\" content=\"https:\/\/superconnectr.com\/us\/launch-of-community-talks-to-promote-communities-and-community-builders\/\" \/>\n<meta property=\"og:site_name\" content=\"Plateforme communautaire &amp; Application des Communaut\u00e9s | SuperConnectr\" \/>\n<meta property=\"article:publisher\" content=\"https:\/\/www.facebook.com\/SuperConnectr\" \/>\n<meta property=\"article:published_time\" content=\"2020-06-16T21:46:52+00:00\" \/>\n<meta property=\"article:modified_time\" content=\"2025-12-05T13:40:36+00:00\" \/>\n<meta property=\"og:image\" content=\"https:\/\/superconnectr.com\/wp-content\/uploads\/2020\/06\/Webinar_Communaute-SuperConnectr_panorama.png\" \/>\n\t<meta property=\"og:image:width\" content=\"1200\" \/>\n\t<meta property=\"og:image:height\" content=\"628\" \/>\n\t<meta property=\"og:image:type\" content=\"image\/png\" \/>\n<meta name=\"author\" content=\"Damien Arment\u00e9\" \/>\n<meta name=\"twitter:card\" content=\"summary_large_image\" \/>\n<meta name=\"twitter:creator\" content=\"@SuperConnectr_\" \/>\n<meta name=\"twitter:site\" content=\"@SuperConnectr_\" \/>\n<meta name=\"twitter:label1\" content=\"Written by\" \/>\n\t<meta name=\"twitter:data1\" content=\"Damien Arment\u00e9\" \/>\n\t<meta name=\"twitter:label2\" content=\"Est. reading time\" \/>\n\t<meta name=\"twitter:data2\" content=\"5 minutes\" \/>\n<script type=\"application\/ld+json\" class=\"yoast-schema-graph\">{\"@context\":\"https:\\\/\\\/schema.org\",\"@graph\":[{\"@type\":\"Article\",\"@id\":\"https:\\\/\\\/superconnectr.com\\\/lancement-des-community-talks-pour-valoriser-les-communautes-et-les-community-builders\\\/#article\",\"isPartOf\":{\"@id\":\"https:\\\/\\\/superconnectr.com\\\/lancement-des-community-talks-pour-valoriser-les-communautes-et-les-community-builders\\\/\"},\"author\":{\"name\":\"Damien Arment\u00e9\",\"@id\":\"https:\\\/\\\/superconnectr.com\\\/#\\\/schema\\\/person\\\/d864f3d4ca47ddf5b2fb7fc517ef3636\"},\"headline\":\"SuperConnectr lance les Community Talks\",\"datePublished\":\"2020-06-16T21:46:52+00:00\",\"dateModified\":\"2025-12-05T13:40:36+00:00\",\"mainEntityOfPage\":{\"@id\":\"https:\\\/\\\/superconnectr.com\\\/lancement-des-community-talks-pour-valoriser-les-communautes-et-les-community-builders\\\/\"},\"wordCount\":471,\"commentCount\":0,\"publisher\":{\"@id\":\"https:\\\/\\\/superconnectr.com\\\/#organization\"},\"image\":{\"@id\":\"https:\\\/\\\/superconnectr.com\\\/lancement-des-community-talks-pour-valoriser-les-communautes-et-les-community-builders\\\/#primaryimage\"},\"thumbnailUrl\":\"https:\\\/\\\/superconnectr.com\\\/wp-content\\\/uploads\\\/2020\\\/06\\\/Webinar_Communaute-SuperConnectr_panorama.png\",\"inLanguage\":\"en-US\",\"potentialAction\":[{\"@type\":\"CommentAction\",\"name\":\"Comment\",\"target\":[\"https:\\\/\\\/superconnectr.com\\\/lancement-des-community-talks-pour-valoriser-les-communautes-et-les-community-builders\\\/#respond\"]}]},{\"@type\":\"WebPage\",\"@id\":\"https:\\\/\\\/superconnectr.com\\\/lancement-des-community-talks-pour-valoriser-les-communautes-et-les-community-builders\\\/\",\"url\":\"https:\\\/\\\/superconnectr.com\\\/lancement-des-community-talks-pour-valoriser-les-communautes-et-les-community-builders\\\/\",\"name\":\"SuperConnectr lance les Community Talks\",\"isPartOf\":{\"@id\":\"https:\\\/\\\/superconnectr.com\\\/#website\"},\"primaryImageOfPage\":{\"@id\":\"https:\\\/\\\/superconnectr.com\\\/lancement-des-community-talks-pour-valoriser-les-communautes-et-les-community-builders\\\/#primaryimage\"},\"image\":{\"@id\":\"https:\\\/\\\/superconnectr.com\\\/lancement-des-community-talks-pour-valoriser-les-communautes-et-les-community-builders\\\/#primaryimage\"},\"thumbnailUrl\":\"https:\\\/\\\/superconnectr.com\\\/wp-content\\\/uploads\\\/2020\\\/06\\\/Webinar_Communaute-SuperConnectr_panorama.png\",\"datePublished\":\"2020-06-16T21:46:52+00:00\",\"dateModified\":\"2025-12-05T13:40:36+00:00\",\"description\":\"SuperConnectr lance une s\u00e9rie de Community Talks pour pr\u00e9senter et valoriser les communaut\u00e9s en invitant des Community Builders\",\"breadcrumb\":{\"@id\":\"https:\\\/\\\/superconnectr.com\\\/lancement-des-community-talks-pour-valoriser-les-communautes-et-les-community-builders\\\/#breadcrumb\"},\"inLanguage\":\"en-US\",\"potentialAction\":[{\"@type\":\"ReadAction\",\"target\":[\"https:\\\/\\\/superconnectr.com\\\/lancement-des-community-talks-pour-valoriser-les-communautes-et-les-community-builders\\\/\"]}]},{\"@type\":\"ImageObject\",\"inLanguage\":\"en-US\",\"@id\":\"https:\\\/\\\/superconnectr.com\\\/lancement-des-community-talks-pour-valoriser-les-communautes-et-les-community-builders\\\/#primaryimage\",\"url\":\"https:\\\/\\\/superconnectr.com\\\/wp-content\\\/uploads\\\/2020\\\/06\\\/Webinar_Communaute-SuperConnectr_panorama.png\",\"contentUrl\":\"https:\\\/\\\/superconnectr.com\\\/wp-content\\\/uploads\\\/2020\\\/06\\\/Webinar_Communaute-SuperConnectr_panorama.png\",\"width\":1200,\"height\":628},{\"@type\":\"BreadcrumbList\",\"@id\":\"https:\\\/\\\/superconnectr.com\\\/lancement-des-community-talks-pour-valoriser-les-communautes-et-les-community-builders\\\/#breadcrumb\",\"itemListElement\":[{\"@type\":\"ListItem\",\"position\":1,\"name\":\"Accueil\",\"item\":\"https:\\\/\\\/superconnectr.com\\\/\"},{\"@type\":\"ListItem\",\"position\":2,\"name\":\"Uncategorized\",\"item\":\"https:\\\/\\\/superconnectr.com\\\/category\\\/uncategorized\\\/\"},{\"@type\":\"ListItem\",\"position\":3,\"name\":\"SuperConnectr lance les Community Talks\"}]},{\"@type\":\"WebSite\",\"@id\":\"https:\\\/\\\/superconnectr.com\\\/#website\",\"url\":\"https:\\\/\\\/superconnectr.com\\\/\",\"name\":\"SuperConnectr: Plateforme communautaire & Application des Communaut\u00e9s\",\"description\":\"Plateforme communautaire &amp; Application de votre Communaut\u00e9\",\"publisher\":{\"@id\":\"https:\\\/\\\/superconnectr.com\\\/#organization\"},\"alternateName\":\"Plateforme communautaire et Application communautaire\",\"potentialAction\":[{\"@type\":\"SearchAction\",\"target\":{\"@type\":\"EntryPoint\",\"urlTemplate\":\"https:\\\/\\\/superconnectr.com\\\/?s={search_term_string}\"},\"query-input\":{\"@type\":\"PropertyValueSpecification\",\"valueRequired\":true,\"valueName\":\"search_term_string\"}}],\"inLanguage\":\"en-US\"},{\"@type\":\"Organization\",\"@id\":\"https:\\\/\\\/superconnectr.com\\\/#organization\",\"name\":\"SuperConnectr\",\"alternateName\":\"SuperConnectr\",\"url\":\"https:\\\/\\\/superconnectr.com\\\/\",\"logo\":{\"@type\":\"ImageObject\",\"inLanguage\":\"en-US\",\"@id\":\"https:\\\/\\\/superconnectr.com\\\/#\\\/schema\\\/logo\\\/image\\\/\",\"url\":\"https:\\\/\\\/superconnectr.com\\\/wp-content\\\/uploads\\\/2026\\\/01\\\/cropped-Logo-SuperConnectr-Octobre-2024-transparent-1.png\",\"contentUrl\":\"https:\\\/\\\/superconnectr.com\\\/wp-content\\\/uploads\\\/2026\\\/01\\\/cropped-Logo-SuperConnectr-Octobre-2024-transparent-1.png\",\"width\":511,\"height\":427,\"caption\":\"SuperConnectr\"},\"image\":{\"@id\":\"https:\\\/\\\/superconnectr.com\\\/#\\\/schema\\\/logo\\\/image\\\/\"},\"sameAs\":[\"https:\\\/\\\/www.facebook.com\\\/SuperConnectr\",\"https:\\\/\\\/x.com\\\/SuperConnectr_\",\"https:\\\/\\\/www.linkedin.com\\\/company\\\/superconnectr\",\"https:\\\/\\\/www.youtube.com\\\/channel\\\/UCjWh6H9a1XinYfMd0QDPTZA\\\/\"]},{\"@type\":\"Person\",\"@id\":\"https:\\\/\\\/superconnectr.com\\\/#\\\/schema\\\/person\\\/d864f3d4ca47ddf5b2fb7fc517ef3636\",\"name\":\"Damien Arment\u00e9\",\"url\":\"https:\\\/\\\/superconnectr.com\\\/us\\\/author\\\/damien\\\/\"}]}<\/script>\n<!-- \/ Yoast SEO plugin. -->","yoast_head_json":{"title":"SuperConnectr launches Community Talks","description":"SuperConnectr launches a series of Community Talks to showcase and enhance communities by inviting Community Builders","robots":{"index":"index","follow":"follow","max-snippet":"max-snippet:-1","max-image-preview":"max-image-preview:large","max-video-preview":"max-video-preview:-1"},"canonical":"https:\/\/superconnectr.com\/us\/launch-of-community-talks-to-promote-communities-and-community-builders\/","og_locale":"en_US","og_type":"article","og_title":"SuperConnectr lance les Community Talks","og_description":"SuperConnectr lance une s\u00e9rie de Community Talks pour pr\u00e9senter et valoriser les communaut\u00e9s en invitant des Community Builders","og_url":"https:\/\/superconnectr.com\/us\/launch-of-community-talks-to-promote-communities-and-community-builders\/","og_site_name":"Plateforme communautaire &amp; Application des Communaut\u00e9s | SuperConnectr","article_publisher":"https:\/\/www.facebook.com\/SuperConnectr","article_published_time":"2020-06-16T21:46:52+00:00","article_modified_time":"2025-12-05T13:40:36+00:00","og_image":[{"width":1200,"height":628,"url":"https:\/\/superconnectr.com\/wp-content\/uploads\/2020\/06\/Webinar_Communaute-SuperConnectr_panorama.png","type":"image\/png"}],"author":"Damien Arment\u00e9","twitter_card":"summary_large_image","twitter_creator":"@SuperConnectr_","twitter_site":"@SuperConnectr_","twitter_misc":{"Written by":"Damien Arment\u00e9","Est. reading time":"5 minutes"},"schema":{"@context":"https:\/\/schema.org","@graph":[{"@type":"Article","@id":"https:\/\/superconnectr.com\/lancement-des-community-talks-pour-valoriser-les-communautes-et-les-community-builders\/#article","isPartOf":{"@id":"https:\/\/superconnectr.com\/lancement-des-community-talks-pour-valoriser-les-communautes-et-les-community-builders\/"},"author":{"name":"Damien Arment\u00e9","@id":"https:\/\/superconnectr.com\/#\/schema\/person\/d864f3d4ca47ddf5b2fb7fc517ef3636"},"headline":"SuperConnectr lance les Community Talks","datePublished":"2020-06-16T21:46:52+00:00","dateModified":"2025-12-05T13:40:36+00:00","mainEntityOfPage":{"@id":"https:\/\/superconnectr.com\/lancement-des-community-talks-pour-valoriser-les-communautes-et-les-community-builders\/"},"wordCount":471,"commentCount":0,"publisher":{"@id":"https:\/\/superconnectr.com\/#organization"},"image":{"@id":"https:\/\/superconnectr.com\/lancement-des-community-talks-pour-valoriser-les-communautes-et-les-community-builders\/#primaryimage"},"thumbnailUrl":"https:\/\/superconnectr.com\/wp-content\/uploads\/2020\/06\/Webinar_Communaute-SuperConnectr_panorama.png","inLanguage":"en-US","potentialAction":[{"@type":"CommentAction","name":"Comment","target":["https:\/\/superconnectr.com\/lancement-des-community-talks-pour-valoriser-les-communautes-et-les-community-builders\/#respond"]}]},{"@type":"WebPage","@id":"https:\/\/superconnectr.com\/lancement-des-community-talks-pour-valoriser-les-communautes-et-les-community-builders\/","url":"https:\/\/superconnectr.com\/lancement-des-community-talks-pour-valoriser-les-communautes-et-les-community-builders\/","name":"SuperConnectr launches Community Talks","isPartOf":{"@id":"https:\/\/superconnectr.com\/#website"},"primaryImageOfPage":{"@id":"https:\/\/superconnectr.com\/lancement-des-community-talks-pour-valoriser-les-communautes-et-les-community-builders\/#primaryimage"},"image":{"@id":"https:\/\/superconnectr.com\/lancement-des-community-talks-pour-valoriser-les-communautes-et-les-community-builders\/#primaryimage"},"thumbnailUrl":"https:\/\/superconnectr.com\/wp-content\/uploads\/2020\/06\/Webinar_Communaute-SuperConnectr_panorama.png","datePublished":"2020-06-16T21:46:52+00:00","dateModified":"2025-12-05T13:40:36+00:00","description":"SuperConnectr launches a series of Community Talks to showcase and enhance communities by inviting Community Builders","breadcrumb":{"@id":"https:\/\/superconnectr.com\/lancement-des-community-talks-pour-valoriser-les-communautes-et-les-community-builders\/#breadcrumb"},"inLanguage":"en-US","potentialAction":[{"@type":"ReadAction","target":["https:\/\/superconnectr.com\/lancement-des-community-talks-pour-valoriser-les-communautes-et-les-community-builders\/"]}]},{"@type":"ImageObject","inLanguage":"en-US","@id":"https:\/\/superconnectr.com\/lancement-des-community-talks-pour-valoriser-les-communautes-et-les-community-builders\/#primaryimage","url":"https:\/\/superconnectr.com\/wp-content\/uploads\/2020\/06\/Webinar_Communaute-SuperConnectr_panorama.png","contentUrl":"https:\/\/superconnectr.com\/wp-content\/uploads\/2020\/06\/Webinar_Communaute-SuperConnectr_panorama.png","width":1200,"height":628},{"@type":"BreadcrumbList","@id":"https:\/\/superconnectr.com\/lancement-des-community-talks-pour-valoriser-les-communautes-et-les-community-builders\/#breadcrumb","itemListElement":[{"@type":"ListItem","position":1,"name":"Accueil","item":"https:\/\/superconnectr.com\/"},{"@type":"ListItem","position":2,"name":"Uncategorized","item":"https:\/\/superconnectr.com\/category\/uncategorized\/"},{"@type":"ListItem","position":3,"name":"SuperConnectr lance les Community Talks"}]},{"@type":"WebSite","@id":"https:\/\/superconnectr.com\/#website","url":"https:\/\/superconnectr.com\/","name":"SuperConnectr: Community Platform &amp; Community App","description":"Community Platform &amp; Community Application","publisher":{"@id":"https:\/\/superconnectr.com\/#organization"},"alternateName":"Plateforme communautaire et Application communautaire","potentialAction":[{"@type":"SearchAction","target":{"@type":"EntryPoint","urlTemplate":"https:\/\/superconnectr.com\/?s={search_term_string}"},"query-input":{"@type":"PropertyValueSpecification","valueRequired":true,"valueName":"search_term_string"}}],"inLanguage":"en-US"},{"@type":"Organization","@id":"https:\/\/superconnectr.com\/#organization","name":"SuperConnectr","alternateName":"SuperConnectr","url":"https:\/\/superconnectr.com\/","logo":{"@type":"ImageObject","inLanguage":"en-US","@id":"https:\/\/superconnectr.com\/#\/schema\/logo\/image\/","url":"https:\/\/superconnectr.com\/wp-content\/uploads\/2026\/01\/cropped-Logo-SuperConnectr-Octobre-2024-transparent-1.png","contentUrl":"https:\/\/superconnectr.com\/wp-content\/uploads\/2026\/01\/cropped-Logo-SuperConnectr-Octobre-2024-transparent-1.png","width":511,"height":427,"caption":"SuperConnectr"},"image":{"@id":"https:\/\/superconnectr.com\/#\/schema\/logo\/image\/"},"sameAs":["https:\/\/www.facebook.com\/SuperConnectr","https:\/\/x.com\/SuperConnectr_","https:\/\/www.linkedin.com\/company\/superconnectr","https:\/\/www.youtube.com\/channel\/UCjWh6H9a1XinYfMd0QDPTZA\/"]},{"@type":"Person","@id":"https:\/\/superconnectr.com\/#\/schema\/person\/d864f3d4ca47ddf5b2fb7fc517ef3636","name":"Damien Arment\u00e9","url":"https:\/\/superconnectr.com\/us\/author\/damien\/"}]}},"_links":{"self":[{"href":"https:\/\/superconnectr.com\/us\/wp-json\/wp\/v2\/posts\/1502","targetHints":{"allow":["GET"]}}],"collection":[{"href":"https:\/\/superconnectr.com\/us\/wp-json\/wp\/v2\/posts"}],"about":[{"href":"https:\/\/superconnectr.com\/us\/wp-json\/wp\/v2\/types\/post"}],"author":[{"embeddable":true,"href":"https:\/\/superconnectr.com\/us\/wp-json\/wp\/v2\/users\/2"}],"replies":[{"embeddable":true,"href":"https:\/\/superconnectr.com\/us\/wp-json\/wp\/v2\/comments?post=1502"}],"version-history":[{"count":41,"href":"https:\/\/superconnectr.com\/us\/wp-json\/wp\/v2\/posts\/1502\/revisions"}],"predecessor-version":[{"id":10476,"href":"https:\/\/superconnectr.com\/us\/wp-json\/wp\/v2\/posts\/1502\/revisions\/10476"}],"wp:featuredmedia":[{"embeddable":true,"href":"https:\/\/superconnectr.com\/us\/wp-json\/wp\/v2\/media\/1533"}],"wp:attachment":[{"href":"https:\/\/superconnectr.com\/us\/wp-json\/wp\/v2\/media?parent=1502"}],"wp:term":[{"taxonomy":"category","embeddable":true,"href":"https:\/\/superconnectr.com\/us\/wp-json\/wp\/v2\/categories?post=1502"},{"taxonomy":"post_tag","embeddable":true,"href":"https:\/\/superconnectr.com\/us\/wp-json\/wp\/v2\/tags?post=1502"}],"curies":[{"name":"wp","href":"https:\/\/api.w.org\/{rel}","templated":true}]}}